{"id":160,"date":"2025-02-21T08:27:38","date_gmt":"2025-02-21T08:27:38","guid":{"rendered":"https:\/\/demosites.royal-elementor-addons.com\/landing-page-business-v1\/?p=160"},"modified":"2026-01-13T13:28:27","modified_gmt":"2026-01-13T13:28:27","slug":"nueva-ley-de-proteccion-de-datos-personales","status":"publish","type":"post","link":"https:\/\/veritas.cl\/veritas\/nueva-ley-de-proteccion-de-datos-personales\/","title":{"rendered":"Nueva Ley de Protecci\u00f3n de Datos Personales"},"content":{"rendered":"\t\t<div data-elementor-type=\"wp-post\" data-elementor-id=\"160\" class=\"elementor elementor-160\" data-elementor-settings=\"{&quot;element_pack_global_tooltip_width&quot;:{&quot;unit&quot;:&quot;px&quot;,&quot;size&quot;:&quot;&quot;,&quot;sizes&quot;:[]},&quot;element_pack_global_tooltip_width_laptop&quot;:{&quot;unit&quot;:&quot;px&quot;,&quot;size&quot;:&quot;&quot;,&quot;sizes&quot;:[]},&quot;element_pack_global_tooltip_width_tablet&quot;:{&quot;unit&quot;:&quot;px&quot;,&quot;size&quot;:&quot;&quot;,&quot;sizes&quot;:[]},&quot;element_pack_global_tooltip_width_mobile&quot;:{&quot;unit&quot;:&quot;px&quot;,&quot;size&quot;:&quot;&quot;,&quot;sizes&quot;:[]},&quot;element_pack_global_tooltip_padding&quot;:{&quot;unit&quot;:&quot;px&quot;,&quot;top&quot;:&quot;&quot;,&quot;right&quot;:&quot;&quot;,&quot;bottom&quot;:&quot;&quot;,&quot;left&quot;:&quot;&quot;,&quot;isLinked&quot;:true},&quot;element_pack_global_tooltip_padding_laptop&quot;:{&quot;unit&quot;:&quot;px&quot;,&quot;top&quot;:&quot;&quot;,&quot;right&quot;:&quot;&quot;,&quot;bottom&quot;:&quot;&quot;,&quot;left&quot;:&quot;&quot;,&quot;isLinked&quot;:true},&quot;element_pack_global_tooltip_padding_tablet&quot;:{&quot;unit&quot;:&quot;px&quot;,&quot;top&quot;:&quot;&quot;,&quot;right&quot;:&quot;&quot;,&quot;bottom&quot;:&quot;&quot;,&quot;left&quot;:&quot;&quot;,&quot;isLinked&quot;:true},&quot;element_pack_global_tooltip_padding_mobile&quot;:{&quot;unit&quot;:&quot;px&quot;,&quot;top&quot;:&quot;&quot;,&quot;right&quot;:&quot;&quot;,&quot;bottom&quot;:&quot;&quot;,&quot;left&quot;:&quot;&quot;,&quot;isLinked&quot;:true},&quot;element_pack_global_tooltip_border_radius&quot;:{&quot;unit&quot;:&quot;px&quot;,&quot;top&quot;:&quot;&quot;,&quot;right&quot;:&quot;&quot;,&quot;bottom&quot;:&quot;&quot;,&quot;left&quot;:&quot;&quot;,&quot;isLinked&quot;:true},&quot;element_pack_global_tooltip_border_radius_laptop&quot;:{&quot;unit&quot;:&quot;px&quot;,&quot;top&quot;:&quot;&quot;,&quot;right&quot;:&quot;&quot;,&quot;bottom&quot;:&quot;&quot;,&quot;left&quot;:&quot;&quot;,&quot;isLinked&quot;:true},&quot;element_pack_global_tooltip_border_radius_tablet&quot;:{&quot;unit&quot;:&quot;px&quot;,&quot;top&quot;:&quot;&quot;,&quot;right&quot;:&quot;&quot;,&quot;bottom&quot;:&quot;&quot;,&quot;left&quot;:&quot;&quot;,&quot;isLinked&quot;:true},&quot;element_pack_global_tooltip_border_radius_mobile&quot;:{&quot;unit&quot;:&quot;px&quot;,&quot;top&quot;:&quot;&quot;,&quot;right&quot;:&quot;&quot;,&quot;bottom&quot;:&quot;&quot;,&quot;left&quot;:&quot;&quot;,&quot;isLinked&quot;:true}}\" data-elementor-post-type=\"post\">\n\t\t\t\t\t\t<section data-particle_enable=\"false\" data-particle-mobile-disabled=\"false\" class=\"elementor-section elementor-top-section elementor-element elementor-element-a03a6bc elementor-section-boxed elementor-section-height-default elementor-section-height-default wpr-particle-no wpr-jarallax-no wpr-parallax-no\" data-id=\"a03a6bc\" data-element_type=\"section\" data-e-type=\"section\">\n\t\t\t\t\t\t<div class=\"elementor-container elementor-column-gap-default\">\n\t\t\t\t\t<div class=\"elementor-column elementor-col-100 elementor-top-column elementor-element elementor-element-e4283fd\" data-id=\"e4283fd\" data-element_type=\"column\" data-e-type=\"column\">\n\t\t\t<div class=\"elementor-widget-wrap elementor-element-populated\">\n\t\t\t\t\t\t<div class=\"elementor-element elementor-element-615dd5ab elementor-widget elementor-widget-text-editor\" data-id=\"615dd5ab\" data-element_type=\"widget\" data-e-type=\"widget\" data-widget_type=\"text-editor.default\">\n\t\t\t\t<div class=\"elementor-widget-container\">\n\t\t\t\t\t\t\t\t\t<p><span style=\"color: #000000;\"><strong>M\u00e1s Seguridad y Transparencia <\/strong><\/span><\/p>\n<p><span style=\"color: #000000;\">En la era digital, la informaci\u00f3n es un activo clave. Con la entrada en vigencia de la nueva Ley N\u00b0 21.719, Chile refuerza la protecci\u00f3n de los datos personales, estableciendo un marco normativo moderno y alineado con est\u00e1ndares internacionales como el Reglamento General de Protecci\u00f3n de Datos (GDPR) de la Uni\u00f3n Europea. <\/span><\/p>\n<p><span style=\"color: #000000;\">Tras siete a\u00f1os de tramitaci\u00f3n, esta ley fue publicada en el Diario Oficial el 13 de diciembre de 2024 y entrar\u00e1 en vigencia el 1 de diciembre de 2026. <\/span><\/p>\n<p>\u00a0<\/p>\n<p><span style=\"color: #000000;\"><strong>\u00bfQu\u00e9 cambia con esta ley? <\/strong><\/span><\/p>\n<ul>\n<li><span style=\"color: #000000;\">Nuevos derechos para los titulares de datos: Se establecen y regulan los derechos de acceso, rectificaci\u00f3n, supresi\u00f3n, oposici\u00f3n, portabilidad y bloqueo de informaci\u00f3n personal, entre otros. <\/span><\/li>\n<li><span style=\"color: #000000;\">Mayor seguridad en el tratamiento de datos: <\/span><span style=\"color: #000000;\">Las empresas deber\u00e1n adoptar protocolos estrictos para garantizar la confidencialidad y protecci\u00f3n de la informaci\u00f3n de clientes, empleados y proveedores. <\/span><\/li>\n<li><span style=\"color: #000000;\">Creaci\u00f3n de la Agencia de Protecci\u00f3n de Datos Personales: Se establece un organismo aut\u00f3nomo encargado de supervisar, fiscalizar y sancionar el incumplimiento de la ley. <\/span><\/li>\n<li><span style=\"color: #000000;\">Sanciones m\u00e1s severas: Las multas por infracciones graves pueden alcanzar hasta 20.000 UTM (m\u00e1s de USD 1,4 millones). <\/span><\/li>\n<\/ul>\n<p>\u00a0<\/p>\n<p><span style=\"color: #000000;\"><strong>\u00bfA qui\u00e9nes aplica la Ley N\u00b0 21.719? <\/strong><\/span><\/p>\n<p><span style=\"color: #000000;\">Seg\u00fan el art\u00edculo 1\u00b0 bis, la normativa ser\u00e1 aplicable a: <\/span><\/p>\n<ul>\n<li><span style=\"color: #000000;\">Quienes procesen datos personales dentro del territorio nacional. <\/span><\/li>\n<li><span style=\"color: #000000;\">Encargados del tratamiento de datos que act\u00faen en representaci\u00f3n de un responsable con domicilio en Chile. <\/span><\/li>\n<li><span style=\"color: #000000;\">Entidades extranjeras que manejen datos de personas en Chile con el prop\u00f3sito de ofrecer bienes o servicios a personas en el pa\u00eds. <\/span><\/li>\n<\/ul>\n<p>\u00a0<\/p>\n<p><span style=\"color: #000000;\"><strong>Impacto en el Mercado Asegurador <\/strong><\/span><\/p>\n<p><span style=\"color: #000000;\">El sector asegurador maneja una gran cantidad de informaci\u00f3n personal y depende del acceso y uso de datos para evaluar riesgos y dise\u00f1ar productos. Con la nueva ley, aseguradoras, corredores e intermediarios deber\u00e1n reforzar las medidas de protecci\u00f3n y transparencia en el uso de esta informaci\u00f3n. <\/span><\/p>\n<p><span style=\"color: #000000;\">Para garantizar el cumplimiento de la normativa, deber\u00e1n adoptar medidas concretas como: <\/span><\/p>\n<ul>\n<li><span style=\"color: #000000;\">Implementaci\u00f3n de Pol\u00edticas de Privacidad claras y accesibles. <\/span><\/li>\n<li><span style=\"color: #000000;\">Revisi\u00f3n de contratos y t\u00e9rminos de uso de datos. <\/span><\/li>\n<li><span style=\"color: #000000;\">Fortalecimiento de medidas de ciberseguridad y resguardo de informaci\u00f3n sensible. <\/span><\/li>\n<li><span style=\"color: #000000;\">Capacitaci\u00f3n de equipos para asegurar una gesti\u00f3n de datos transparente y conforme a la normativa. <\/span><\/li>\n<\/ul>\n<p>\u00a0<\/p>\n<p><span style=\"color: #000000;\">La Ley N\u00b0 21.719 exige que toda recolecci\u00f3n y uso de datos personales sea transparente, leg\u00edtima y con consentimiento informado, lo que obliga al sector asegurador a revisar sus procesos, contratos y fuentes de informaci\u00f3n. <\/span><\/p>\n<p><span style=\"color: #000000;\">Fuente: Biblioteca del Congreso Nacional de Chile, Ley N\u00b021719\u00a0<\/span><\/p>\t\t\t\t\t\t\t\t<\/div>\n\t\t\t\t<\/div>\n\t\t\t\t\t<\/div>\n\t\t<\/div>\n\t\t\t\t\t<\/div>\n\t\t<\/section>\n\t\t\t\t<\/div>\n\t\t","protected":false},"excerpt":{"rendered":"<p>M\u00e1s Seguridad y Transparencia En la era digital, la informaci\u00f3n es un activo clave. Con la entrada en vigencia de la nueva Ley N\u00b0 21.719, Chile refuerza la protecci\u00f3n de los datos personales, estableciendo un marco normativo moderno y alineado con est\u00e1ndares internacionales como el Reglamento General de Protecci\u00f3n de Datos (GDPR) de la Uni\u00f3n Europea. Tras siete a\u00f1os de tramitaci\u00f3n, esta ley fue publicada en el Diario Oficial el 13 de diciembre de 2024 y entrar\u00e1 en vigencia el 1 de diciembre de 2026. \u00a0 \u00bfQu\u00e9 cambia con esta ley? Nuevos derechos para los titulares de datos: Se establecen y regulan los derechos de acceso, rectificaci\u00f3n, supresi\u00f3n, oposici\u00f3n, portabilidad y bloqueo de informaci\u00f3n personal, entre otros. Mayor seguridad en el tratamiento de datos: Las empresas deber\u00e1n adoptar protocolos estrictos para garantizar la confidencialidad y protecci\u00f3n de la informaci\u00f3n de clientes, empleados y proveedores. Creaci\u00f3n de la Agencia de Protecci\u00f3n de Datos Personales: Se establece un organismo aut\u00f3nomo encargado de supervisar, fiscalizar y sancionar el incumplimiento de la ley. Sanciones m\u00e1s severas: Las multas por infracciones graves pueden alcanzar hasta 20.000 UTM (m\u00e1s de USD 1,4 millones). \u00a0 \u00bfA qui\u00e9nes aplica la Ley N\u00b0 21.719? Seg\u00fan el art\u00edculo 1\u00b0 bis, la normativa ser\u00e1 aplicable a: Quienes procesen datos personales dentro del territorio nacional. Encargados del tratamiento de datos que act\u00faen en representaci\u00f3n de un responsable con domicilio en Chile. Entidades extranjeras que manejen datos de personas en Chile con el prop\u00f3sito de ofrecer bienes o servicios a personas en el pa\u00eds. \u00a0 Impacto en el Mercado Asegurador El sector asegurador maneja una gran cantidad de informaci\u00f3n personal y depende del acceso y uso de datos para evaluar riesgos y dise\u00f1ar productos. Con la nueva ley, aseguradoras, corredores e intermediarios deber\u00e1n reforzar las medidas de protecci\u00f3n y transparencia en el uso de esta informaci\u00f3n. Para garantizar el cumplimiento de la normativa, deber\u00e1n adoptar medidas concretas como: Implementaci\u00f3n de Pol\u00edticas de Privacidad claras y accesibles. Revisi\u00f3n de contratos y t\u00e9rminos de uso de datos. Fortalecimiento de medidas de ciberseguridad y resguardo de informaci\u00f3n sensible. Capacitaci\u00f3n de equipos para asegurar una gesti\u00f3n de datos transparente y conforme a la normativa. \u00a0 La Ley N\u00b0 21.719 exige que toda recolecci\u00f3n y uso de datos personales sea transparente, leg\u00edtima y con consentimiento informado, lo que obliga al sector asegurador a revisar sus procesos, contratos y fuentes de informaci\u00f3n. Fuente: Biblioteca del Congreso Nacional de Chile, Ley N\u00b021719\u00a0<\/p>\n","protected":false},"author":1,"featured_media":44736,"comment_status":"closed","ping_status":"closed","sticky":false,"template":"","format":"standard","meta":{"footnotes":""},"categories":[6],"tags":[],"class_list":["post-160","post","type-post","status-publish","format-standard","has-post-thumbnail","hentry","category-noticias"],"_links":{"self":[{"href":"https:\/\/veritas.cl\/veritas\/wp-json\/wp\/v2\/posts\/160","targetHints":{"allow":["GET"]}}],"collection":[{"href":"https:\/\/veritas.cl\/veritas\/wp-json\/wp\/v2\/posts"}],"about":[{"href":"https:\/\/veritas.cl\/veritas\/wp-json\/wp\/v2\/types\/post"}],"author":[{"embeddable":true,"href":"https:\/\/veritas.cl\/veritas\/wp-json\/wp\/v2\/users\/1"}],"replies":[{"embeddable":true,"href":"https:\/\/veritas.cl\/veritas\/wp-json\/wp\/v2\/comments?post=160"}],"version-history":[{"count":30,"href":"https:\/\/veritas.cl\/veritas\/wp-json\/wp\/v2\/posts\/160\/revisions"}],"predecessor-version":[{"id":56525,"href":"https:\/\/veritas.cl\/veritas\/wp-json\/wp\/v2\/posts\/160\/revisions\/56525"}],"wp:featuredmedia":[{"embeddable":true,"href":"https:\/\/veritas.cl\/veritas\/wp-json\/wp\/v2\/media\/44736"}],"wp:attachment":[{"href":"https:\/\/veritas.cl\/veritas\/wp-json\/wp\/v2\/media?parent=160"}],"wp:term":[{"taxonomy":"category","embeddable":true,"href":"https:\/\/veritas.cl\/veritas\/wp-json\/wp\/v2\/categories?post=160"},{"taxonomy":"post_tag","embeddable":true,"href":"https:\/\/veritas.cl\/veritas\/wp-json\/wp\/v2\/tags?post=160"}],"curies":[{"name":"wp","href":"https:\/\/api.w.org\/{rel}","templated":true}]}}